{"id":59,"date":"2014-08-06T08:00:00","date_gmt":"2014-08-06T08:00:00","guid":{"rendered":"http:\/\/thestyleofblog.com\/wp\/2014\/08\/06\/mi-primer-pedido-en-primor\/"},"modified":"2016-01-10T15:23:13","modified_gmt":"2016-01-10T15:23:13","slug":"mi-primer-pedido-en-primor","status":"publish","type":"post","link":"https:\/\/thestyleofblog.com\/wp\/mi-primer-pedido-en-primor\/","title":{"rendered":"Mi primer pedido en Primor"},"content":{"rendered":"<div style=\"text-align: center;\"><span style=\"font-family: Georgia, Times New Roman, serif;\">Buenos d\u00edas, ya estamos en el ecuador de la semana y a mi me espera un d\u00eda intenso a m\u00e1s no poder. Eso s\u00ed, el 50% de las cosas que ten\u00eda pendientes de hacer para la comuni\u00f3n ya est\u00e1n finiquitadas, jajaajajaja<\/span><\/div>\n<div>\n<div style=\"text-align: center;\"><span style=\"font-family: Georgia, Times New Roman, serif;\">\u00a0<\/span><\/div>\n<\/div>\n<div>\n<div style=\"text-align: center;\"><span style=\"font-family: Georgia, Times New Roman, serif;\">Pero vayamos al asunto principal, y es que hace un par de d\u00edas realic\u00e9 mi primer pedido a la web de Primor, dado que aqu\u00ed en Galicia no cuenta con ninguna tienda f\u00edsica y sus precios est\u00e1n genial.<\/span><\/div>\n<div style=\"text-align: center;\"><\/div>\n<div style=\"clear: both; text-align: center;\"><a style=\"margin-left: 1em; margin-right: 1em;\" href=\"https:\/\/farm6.staticflickr.com\/5595\/14656083597_2c1f345999_o.png\"><span style=\"color: black;\"><img fetchpriority=\"high\" decoding=\"async\" src=\"https:\/\/farm6.staticflickr.com\/5595\/14656083597_2c1f345999_o.png\" alt=\"\" width=\"400\" height=\"333\" border=\"0\" \/><\/span><\/a><\/div>\n<\/div>\n<div style=\"clear: both; text-align: center;\"><\/div>\n<div style=\"clear: both; text-align: center;\"><\/div>\n<p><!--more--><\/p>\n<div>\n<div style=\"clear: both; text-align: center;\"><span style=\"font-family: Georgia, Times New Roman, serif;\">Llevaba tiempo queriendo hacer pedido, pero no sab\u00eda bien que comprar, porque ten\u00eda de todo, pero entonces fue cuando se hizo el milagro, jajaja. Y es que en una misma semana se termino mi adorable t\u00f3nico de Clarins y se me antojo probar una nueva base de Maxfactor. Pero a eso se le sum\u00f3 el endurecedor de Mavala, que lo v\u00ed tan bonito en la web, tan baratito&#8230;que claro lo tuve que comprar, y adem\u00e1s un kit de belleza de Clarins, para probar la BB Cream y su m\u00e1scara de pesta\u00f1as.\u00a0<\/span><\/div>\n<div style=\"clear: both; text-align: center;\"><\/div>\n<div style=\"clear: both; text-align: center;\"><a style=\"margin-left: 1em; margin-right: 1em;\" href=\"https:\/\/farm6.staticflickr.com\/5581\/14819697166_56db49978e_o.jpg\"><span style=\"color: black;\"><img decoding=\"async\" src=\"https:\/\/farm6.staticflickr.com\/5581\/14819697166_56db49978e_o.jpg\" alt=\"\" width=\"400\" height=\"400\" border=\"0\" \/><\/span><\/a><\/div>\n<div style=\"clear: both; text-align: center;\"><\/div>\n<div style=\"clear: both; text-align: center;\"><\/div>\n<div style=\"clear: both; text-align: center;\"><\/div>\n<div style=\"clear: both; text-align: center;\"><a style=\"margin-left: 1em; margin-right: 1em;\" href=\"https:\/\/farm4.staticflickr.com\/3918\/14651693930_d269bdfbcb_o.jpg\"><span style=\"color: black;\"><img decoding=\"async\" src=\"https:\/\/farm4.staticflickr.com\/3918\/14651693930_d269bdfbcb_o.jpg\" alt=\"\" width=\"426\" height=\"640\" border=\"0\" \/><\/span><\/a><\/div>\n<div style=\"clear: both; text-align: center;\"><\/div>\n<div style=\"clear: both; text-align: center;\"><span style=\"font-family: Georgia, Times New Roman, serif;\">Esta es la maravillosa Face Finity de Maxfactor. Y digo maravillosa porque ya la he probado y me encanta como deja la piel, adem\u00e1s de que con muy poca cantidad quedas perfecta y muy natural. Decir que el tono que yo ped\u00ed es el Almond, pero quiz\u00e1s me anime a probar el siguiente, pero m\u00e1s adelante. Cubre imperfecciones, dura todo el d\u00eda (doy fe) y lo mejor es que contiene factor de protecci\u00f3n solar. Su precio en la web de <a href=\"http:\/\/www.primor.eu\/\" target=\"_blank\">Primor<\/a> es de 8,99\u20ac<\/span><\/div>\n<div style=\"clear: both; text-align: center;\"><\/div>\n<div style=\"clear: both; text-align: center;\"><\/div>\n<div style=\"clear: both; text-align: center;\"><a style=\"margin-left: 1em; margin-right: 1em;\" href=\"https:\/\/farm6.staticflickr.com\/5590\/14651850937_56fa7b2c1f_o.jpg\"><span style=\"color: black;\"><img loading=\"lazy\" decoding=\"async\" src=\"https:\/\/farm6.staticflickr.com\/5590\/14651850937_56fa7b2c1f_o.jpg\" alt=\"\" width=\"640\" height=\"490\" border=\"0\" \/><\/span><\/a><\/div>\n<div style=\"clear: both; text-align: center;\"><span style=\"font-family: Georgia, Times New Roman, serif;\">\u00a0<\/span><\/div>\n<div style=\"clear: both; text-align: center;\"><span style=\"font-family: Georgia, Times New Roman, serif;\">Este es el tan famoso endurecedor cient\u00edfico de Mavala. Tengo que decir que a\u00fan no lo prob\u00e9, pero deber\u00eda hacerlo porque mis queridas u\u00f1as se abren en capas, y me hablaron bastante bien de \u00e9l, pero habr\u00e1 que probarlo para ver si es tan eficaz como dicen. Su precio en <a href=\"http:\/\/www.primor.eu\/\" target=\"_blank\">Primor<\/a> es de 4,99\u20ac<\/span><\/div>\n<div style=\"clear: both; text-align: center;\"><\/div>\n<div style=\"text-align: center;\"><\/div>\n<div style=\"clear: both; text-align: center;\"><a style=\"margin-left: 1em; margin-right: 1em;\" href=\"https:\/\/farm4.staticflickr.com\/3858\/14815428546_d96465a8db_o.jpg\"><span style=\"color: black;\"><img loading=\"lazy\" decoding=\"async\" src=\"https:\/\/farm4.staticflickr.com\/3858\/14815428546_d96465a8db_o.jpg\" alt=\"\" width=\"640\" height=\"476\" border=\"0\" \/><\/span><\/a><\/div>\n<div style=\"text-align: center;\"><span style=\"font-family: Georgia, Times New Roman, serif;\">\u00a0<\/span><\/div>\n<div style=\"text-align: center;\"><span style=\"font-family: Georgia, Times New Roman, serif;\">Este es el kit de belleza de Clarins que me robo los ojitos, y es que en un mismo pack ven\u00eda la BB Cream y la m\u00e1scara de pesta\u00f1as, as\u00ed que no pude evitarlo y se vino directamente conmigo. No he podido probar nada a\u00fan, pero espero poder hacerlo muy prontito porque muero de ganas de hacerlo.Su precio fue de 11,75\u20ac<\/span><\/div>\n<div style=\"text-align: center;\"><\/div>\n<div style=\"text-align: center;\"><\/div>\n<div style=\"text-align: center;\"><span style=\"font-family: Courier New, Courier, monospace;\">\u00a0<\/span><\/div>\n<div style=\"text-align: center;\"><span style=\"font-family: Courier New, Courier, monospace;\">\u00a0<\/span><\/div>\n<div style=\"clear: both; text-align: center;\"><a style=\"margin-left: 1em; margin-right: 1em;\" href=\"https:\/\/farm6.staticflickr.com\/5569\/14651781648_19e38fd55a_o.jpg\"><span style=\"color: black;\"><img loading=\"lazy\" decoding=\"async\" src=\"https:\/\/farm6.staticflickr.com\/5569\/14651781648_19e38fd55a_o.jpg\" alt=\"\" width=\"464\" height=\"640\" border=\"0\" \/><\/span><\/a><\/div>\n<div style=\"clear: both; text-align: center;\"><span style=\"font-family: Georgia, Times New Roman, serif;\">\u00a0<\/span><\/div>\n<div style=\"clear: both; text-align: center;\"><span style=\"font-family: Georgia, Times New Roman, serif;\">Y por \u00faltimo el producto estrella de mi tocador: el t\u00f3nico energizante de Clarins. Desde que lo prob\u00e9 no puedo dejar de usarlo. Da vitalidad a la piel, y sin maquillaje ni nada te deja un cutis impresionante, con luz y energ\u00eda. Para mi un imprescindible en mi rutina diaria. Su precio es de 13,95\u20ac<\/span><\/div>\n<div style=\"clear: both; text-align: center;\"><\/div>\n<div style=\"clear: both; text-align: center;\"><\/div>\n<div style=\"clear: both; text-align: center;\"><span style=\"font-family: Georgia, Times New Roman, serif;\">Desde aqu\u00ed agradecer a Primor la rapidez con la que recib\u00ed el pedido. En apenas 24 horas lo ten\u00eda ya en casa, y eso es de agradecer.\u00a0<\/span><\/div>\n<div style=\"clear: both; text-align: center;\"><span style=\"font-family: Georgia, Times New Roman, serif;\">\u00a0<\/span><\/div>\n<div style=\"clear: both; text-align: center;\"><\/div>\n<div style=\"clear: both; text-align: center;\"><span style=\"font-family: Georgia, Times New Roman, serif;\">\u00bfQue os ha parecido?\u00a0<\/span><\/div>\n<div style=\"clear: both; text-align: center;\"><span style=\"font-family: Georgia, Times New Roman, serif;\">Un beso enorme \ud83d\ude42<\/span><\/div>\n<div style=\"clear: both; text-align: center;\"><span style=\"font-family: Courier New, Courier, monospace;\">\u00a0<\/span><\/div>\n<div style=\"clear: both; text-align: center;\"><span style=\"font-family: Courier New, Courier, monospace;\">\u00a0<\/span><\/div>\n<div style=\"clear: both; text-align: center;\"><\/div>\n<\/div>\n<p>&nbsp;<\/p>\n","protected":false},"excerpt":{"rendered":"<p>Buenos d\u00edas, ya estamos en el ecuador de la semana y a mi me espera un d\u00eda intenso a m\u00e1s no poder. Eso s\u00ed, el 50% de las cosas que&hellip;<\/p>\n","protected":false},"author":1,"featured_media":0,"comment_status":"open","ping_status":"open","sticky":false,"template":"","format":"standard","meta":{"content-type":"","_monsterinsights_skip_tracking":false,"_monsterinsights_sitenote_active":false,"_monsterinsights_sitenote_note":"","_monsterinsights_sitenote_category":0,"_lmt_disableupdate":"","_lmt_disable":"","footnotes":""},"categories":[1],"tags":[287,316,400],"class_list":["post-59","post","type-post","status-publish","format-standard","hentry","category-beauty","tag-beauty","tag-belleza","tag-primor"],"yoast_head":"<!-- This site is optimized with the Yoast SEO plugin v26.3 - https:\/\/yoast.com\/wordpress\/plugins\/seo\/ -->\n<title>Mi primer pedido en Primor - The Style Of<\/title>\n<meta name=\"description\" content=\"La nueva tentacion ha llegado a mi casa y viene con el nombre de Primor. \u00bfquieres saber m\u00e1s sobre mi primer pedido? Pues lee este post\" \/>\n<meta name=\"robots\" content=\"index, follow, max-snippet:-1, max-image-preview:large, max-video-preview:-1\" \/>\n<link rel=\"canonical\" href=\"https:\/\/thestyleofblog.com\/wp\/mi-primer-pedido-en-primor\/\" \/>\n<meta property=\"og:locale\" content=\"es_ES\" \/>\n<meta property=\"og:type\" content=\"article\" \/>\n<meta property=\"og:title\" content=\"Mi primer pedido en Primor - The Style Of\" \/>\n<meta property=\"og:description\" content=\"La nueva tentacion ha llegado a mi casa y viene con el nombre de Primor. \u00bfquieres saber m\u00e1s sobre mi primer pedido? Pues lee este post\" \/>\n<meta property=\"og:url\" content=\"https:\/\/thestyleofblog.com\/wp\/mi-primer-pedido-en-primor\/\" \/>\n<meta property=\"og:site_name\" content=\"The Style Of\" \/>\n<meta property=\"article:published_time\" content=\"2014-08-06T08:00:00+00:00\" \/>\n<meta property=\"article:modified_time\" content=\"2016-01-10T15:23:13+00:00\" \/>\n<meta property=\"og:image\" content=\"https:\/\/farm6.staticflickr.com\/5595\/14656083597_2c1f345999_o.png\" \/>\n<meta name=\"author\" content=\"thestyleof\" \/>\n<meta name=\"twitter:card\" content=\"summary_large_image\" \/>\n<meta name=\"twitter:creator\" content=\"@thestyleofblog\" \/>\n<meta name=\"twitter:site\" content=\"@thestyleofblog\" \/>\n<meta name=\"twitter:label1\" content=\"Escrito por\" \/>\n\t<meta name=\"twitter:data1\" content=\"thestyleof\" \/>\n\t<meta name=\"twitter:label2\" content=\"Tiempo de lectura\" \/>\n\t<meta name=\"twitter:data2\" content=\"2 minutos\" \/>\n<script type=\"application\/ld+json\" class=\"yoast-schema-graph\">{\"@context\":\"https:\/\/schema.org\",\"@graph\":[{\"@type\":\"Article\",\"@id\":\"https:\/\/thestyleofblog.com\/wp\/mi-primer-pedido-en-primor\/#article\",\"isPartOf\":{\"@id\":\"https:\/\/thestyleofblog.com\/wp\/mi-primer-pedido-en-primor\/\"},\"author\":{\"name\":\"thestyleof\",\"@id\":\"https:\/\/thestyleofblog.com\/wp\/#\/schema\/person\/88cb10079912edb2306d329ce998e6b5\"},\"headline\":\"Mi primer pedido en Primor\",\"datePublished\":\"2014-08-06T08:00:00+00:00\",\"dateModified\":\"2016-01-10T15:23:13+00:00\",\"mainEntityOfPage\":{\"@id\":\"https:\/\/thestyleofblog.com\/wp\/mi-primer-pedido-en-primor\/\"},\"wordCount\":491,\"commentCount\":4,\"publisher\":{\"@id\":\"https:\/\/thestyleofblog.com\/wp\/#\/schema\/person\/88cb10079912edb2306d329ce998e6b5\"},\"image\":{\"@id\":\"https:\/\/thestyleofblog.com\/wp\/mi-primer-pedido-en-primor\/#primaryimage\"},\"thumbnailUrl\":\"https:\/\/farm6.staticflickr.com\/5595\/14656083597_2c1f345999_o.png\",\"keywords\":[\"beauty\",\"Belleza\",\"primor\"],\"articleSection\":[\"Beauty\"],\"inLanguage\":\"es\",\"potentialAction\":[{\"@type\":\"CommentAction\",\"name\":\"Comment\",\"target\":[\"https:\/\/thestyleofblog.com\/wp\/mi-primer-pedido-en-primor\/#respond\"]}]},{\"@type\":\"WebPage\",\"@id\":\"https:\/\/thestyleofblog.com\/wp\/mi-primer-pedido-en-primor\/\",\"url\":\"https:\/\/thestyleofblog.com\/wp\/mi-primer-pedido-en-primor\/\",\"name\":\"Mi primer pedido en Primor - The Style Of\",\"isPartOf\":{\"@id\":\"https:\/\/thestyleofblog.com\/wp\/#website\"},\"primaryImageOfPage\":{\"@id\":\"https:\/\/thestyleofblog.com\/wp\/mi-primer-pedido-en-primor\/#primaryimage\"},\"image\":{\"@id\":\"https:\/\/thestyleofblog.com\/wp\/mi-primer-pedido-en-primor\/#primaryimage\"},\"thumbnailUrl\":\"https:\/\/farm6.staticflickr.com\/5595\/14656083597_2c1f345999_o.png\",\"datePublished\":\"2014-08-06T08:00:00+00:00\",\"dateModified\":\"2016-01-10T15:23:13+00:00\",\"description\":\"La nueva tentacion ha llegado a mi casa y viene con el nombre de Primor. \u00bfquieres saber m\u00e1s sobre mi primer pedido? Pues lee este post\",\"breadcrumb\":{\"@id\":\"https:\/\/thestyleofblog.com\/wp\/mi-primer-pedido-en-primor\/#breadcrumb\"},\"inLanguage\":\"es\",\"potentialAction\":[{\"@type\":\"ReadAction\",\"target\":[\"https:\/\/thestyleofblog.com\/wp\/mi-primer-pedido-en-primor\/\"]}]},{\"@type\":\"ImageObject\",\"inLanguage\":\"es\",\"@id\":\"https:\/\/thestyleofblog.com\/wp\/mi-primer-pedido-en-primor\/#primaryimage\",\"url\":\"https:\/\/farm6.staticflickr.com\/5595\/14656083597_2c1f345999_o.png\",\"contentUrl\":\"https:\/\/farm6.staticflickr.com\/5595\/14656083597_2c1f345999_o.png\"},{\"@type\":\"BreadcrumbList\",\"@id\":\"https:\/\/thestyleofblog.com\/wp\/mi-primer-pedido-en-primor\/#breadcrumb\",\"itemListElement\":[{\"@type\":\"ListItem\",\"position\":1,\"name\":\"Portada\",\"item\":\"https:\/\/thestyleofblog.com\/wp\/\"},{\"@type\":\"ListItem\",\"position\":2,\"name\":\"Mi primer pedido en Primor\"}]},{\"@type\":\"WebSite\",\"@id\":\"https:\/\/thestyleofblog.com\/wp\/#website\",\"url\":\"https:\/\/thestyleofblog.com\/wp\/\",\"name\":\"The Style Of\",\"description\":\"Fashion, beauty &amp; lifestyle blog\",\"publisher\":{\"@id\":\"https:\/\/thestyleofblog.com\/wp\/#\/schema\/person\/88cb10079912edb2306d329ce998e6b5\"},\"potentialAction\":[{\"@type\":\"SearchAction\",\"target\":{\"@type\":\"EntryPoint\",\"urlTemplate\":\"https:\/\/thestyleofblog.com\/wp\/?s={search_term_string}\"},\"query-input\":{\"@type\":\"PropertyValueSpecification\",\"valueRequired\":true,\"valueName\":\"search_term_string\"}}],\"inLanguage\":\"es\"},{\"@type\":[\"Person\",\"Organization\"],\"@id\":\"https:\/\/thestyleofblog.com\/wp\/#\/schema\/person\/88cb10079912edb2306d329ce998e6b5\",\"name\":\"thestyleof\",\"image\":{\"@type\":\"ImageObject\",\"inLanguage\":\"es\",\"@id\":\"https:\/\/thestyleofblog.com\/wp\/#\/schema\/person\/image\/\",\"url\":\"https:\/\/secure.gravatar.com\/avatar\/ab8cbf4a366ad574035e802383359d0c7b1b7980862b4f05a101605f412fc898?s=96&d=identicon&r=g\",\"contentUrl\":\"https:\/\/secure.gravatar.com\/avatar\/ab8cbf4a366ad574035e802383359d0c7b1b7980862b4f05a101605f412fc898?s=96&d=identicon&r=g\",\"caption\":\"thestyleof\"},\"logo\":{\"@id\":\"https:\/\/thestyleofblog.com\/wp\/#\/schema\/person\/image\/\"},\"sameAs\":[\"http:\/\/www.thestyleofblog.com\"],\"url\":\"https:\/\/thestyleofblog.com\/wp\/author\/thestyleof\/\"}]}<\/script>\n<!-- \/ Yoast SEO plugin. -->","yoast_head_json":{"title":"Mi primer pedido en Primor - The Style Of","description":"La nueva tentacion ha llegado a mi casa y viene con el nombre de Primor. \u00bfquieres saber m\u00e1s sobre mi primer pedido? Pues lee este post","robots":{"index":"index","follow":"follow","max-snippet":"max-snippet:-1","max-image-preview":"max-image-preview:large","max-video-preview":"max-video-preview:-1"},"canonical":"https:\/\/thestyleofblog.com\/wp\/mi-primer-pedido-en-primor\/","og_locale":"es_ES","og_type":"article","og_title":"Mi primer pedido en Primor - The Style Of","og_description":"La nueva tentacion ha llegado a mi casa y viene con el nombre de Primor. \u00bfquieres saber m\u00e1s sobre mi primer pedido? Pues lee este post","og_url":"https:\/\/thestyleofblog.com\/wp\/mi-primer-pedido-en-primor\/","og_site_name":"The Style Of","article_published_time":"2014-08-06T08:00:00+00:00","article_modified_time":"2016-01-10T15:23:13+00:00","og_image":[{"url":"https:\/\/farm6.staticflickr.com\/5595\/14656083597_2c1f345999_o.png","type":"","width":"","height":""}],"author":"thestyleof","twitter_card":"summary_large_image","twitter_creator":"@thestyleofblog","twitter_site":"@thestyleofblog","twitter_misc":{"Escrito por":"thestyleof","Tiempo de lectura":"2 minutos"},"schema":{"@context":"https:\/\/schema.org","@graph":[{"@type":"Article","@id":"https:\/\/thestyleofblog.com\/wp\/mi-primer-pedido-en-primor\/#article","isPartOf":{"@id":"https:\/\/thestyleofblog.com\/wp\/mi-primer-pedido-en-primor\/"},"author":{"name":"thestyleof","@id":"https:\/\/thestyleofblog.com\/wp\/#\/schema\/person\/88cb10079912edb2306d329ce998e6b5"},"headline":"Mi primer pedido en Primor","datePublished":"2014-08-06T08:00:00+00:00","dateModified":"2016-01-10T15:23:13+00:00","mainEntityOfPage":{"@id":"https:\/\/thestyleofblog.com\/wp\/mi-primer-pedido-en-primor\/"},"wordCount":491,"commentCount":4,"publisher":{"@id":"https:\/\/thestyleofblog.com\/wp\/#\/schema\/person\/88cb10079912edb2306d329ce998e6b5"},"image":{"@id":"https:\/\/thestyleofblog.com\/wp\/mi-primer-pedido-en-primor\/#primaryimage"},"thumbnailUrl":"https:\/\/farm6.staticflickr.com\/5595\/14656083597_2c1f345999_o.png","keywords":["beauty","Belleza","primor"],"articleSection":["Beauty"],"inLanguage":"es","potentialAction":[{"@type":"CommentAction","name":"Comment","target":["https:\/\/thestyleofblog.com\/wp\/mi-primer-pedido-en-primor\/#respond"]}]},{"@type":"WebPage","@id":"https:\/\/thestyleofblog.com\/wp\/mi-primer-pedido-en-primor\/","url":"https:\/\/thestyleofblog.com\/wp\/mi-primer-pedido-en-primor\/","name":"Mi primer pedido en Primor - The Style Of","isPartOf":{"@id":"https:\/\/thestyleofblog.com\/wp\/#website"},"primaryImageOfPage":{"@id":"https:\/\/thestyleofblog.com\/wp\/mi-primer-pedido-en-primor\/#primaryimage"},"image":{"@id":"https:\/\/thestyleofblog.com\/wp\/mi-primer-pedido-en-primor\/#primaryimage"},"thumbnailUrl":"https:\/\/farm6.staticflickr.com\/5595\/14656083597_2c1f345999_o.png","datePublished":"2014-08-06T08:00:00+00:00","dateModified":"2016-01-10T15:23:13+00:00","description":"La nueva tentacion ha llegado a mi casa y viene con el nombre de Primor. \u00bfquieres saber m\u00e1s sobre mi primer pedido? Pues lee este post","breadcrumb":{"@id":"https:\/\/thestyleofblog.com\/wp\/mi-primer-pedido-en-primor\/#breadcrumb"},"inLanguage":"es","potentialAction":[{"@type":"ReadAction","target":["https:\/\/thestyleofblog.com\/wp\/mi-primer-pedido-en-primor\/"]}]},{"@type":"ImageObject","inLanguage":"es","@id":"https:\/\/thestyleofblog.com\/wp\/mi-primer-pedido-en-primor\/#primaryimage","url":"https:\/\/farm6.staticflickr.com\/5595\/14656083597_2c1f345999_o.png","contentUrl":"https:\/\/farm6.staticflickr.com\/5595\/14656083597_2c1f345999_o.png"},{"@type":"BreadcrumbList","@id":"https:\/\/thestyleofblog.com\/wp\/mi-primer-pedido-en-primor\/#breadcrumb","itemListElement":[{"@type":"ListItem","position":1,"name":"Portada","item":"https:\/\/thestyleofblog.com\/wp\/"},{"@type":"ListItem","position":2,"name":"Mi primer pedido en Primor"}]},{"@type":"WebSite","@id":"https:\/\/thestyleofblog.com\/wp\/#website","url":"https:\/\/thestyleofblog.com\/wp\/","name":"The Style Of","description":"Fashion, beauty &amp; lifestyle blog","publisher":{"@id":"https:\/\/thestyleofblog.com\/wp\/#\/schema\/person\/88cb10079912edb2306d329ce998e6b5"},"potentialAction":[{"@type":"SearchAction","target":{"@type":"EntryPoint","urlTemplate":"https:\/\/thestyleofblog.com\/wp\/?s={search_term_string}"},"query-input":{"@type":"PropertyValueSpecification","valueRequired":true,"valueName":"search_term_string"}}],"inLanguage":"es"},{"@type":["Person","Organization"],"@id":"https:\/\/thestyleofblog.com\/wp\/#\/schema\/person\/88cb10079912edb2306d329ce998e6b5","name":"thestyleof","image":{"@type":"ImageObject","inLanguage":"es","@id":"https:\/\/thestyleofblog.com\/wp\/#\/schema\/person\/image\/","url":"https:\/\/secure.gravatar.com\/avatar\/ab8cbf4a366ad574035e802383359d0c7b1b7980862b4f05a101605f412fc898?s=96&d=identicon&r=g","contentUrl":"https:\/\/secure.gravatar.com\/avatar\/ab8cbf4a366ad574035e802383359d0c7b1b7980862b4f05a101605f412fc898?s=96&d=identicon&r=g","caption":"thestyleof"},"logo":{"@id":"https:\/\/thestyleofblog.com\/wp\/#\/schema\/person\/image\/"},"sameAs":["http:\/\/www.thestyleofblog.com"],"url":"https:\/\/thestyleofblog.com\/wp\/author\/thestyleof\/"}]}},"_links":{"self":[{"href":"https:\/\/thestyleofblog.com\/wp\/wp-json\/wp\/v2\/posts\/59","targetHints":{"allow":["GET"]}}],"collection":[{"href":"https:\/\/thestyleofblog.com\/wp\/wp-json\/wp\/v2\/posts"}],"about":[{"href":"https:\/\/thestyleofblog.com\/wp\/wp-json\/wp\/v2\/types\/post"}],"author":[{"embeddable":true,"href":"https:\/\/thestyleofblog.com\/wp\/wp-json\/wp\/v2\/users\/1"}],"replies":[{"embeddable":true,"href":"https:\/\/thestyleofblog.com\/wp\/wp-json\/wp\/v2\/comments?post=59"}],"version-history":[{"count":3,"href":"https:\/\/thestyleofblog.com\/wp\/wp-json\/wp\/v2\/posts\/59\/revisions"}],"predecessor-version":[{"id":284,"href":"https:\/\/thestyleofblog.com\/wp\/wp-json\/wp\/v2\/posts\/59\/revisions\/284"}],"wp:attachment":[{"href":"https:\/\/thestyleofblog.com\/wp\/wp-json\/wp\/v2\/media?parent=59"}],"wp:term":[{"taxonomy":"category","embeddable":true,"href":"https:\/\/thestyleofblog.com\/wp\/wp-json\/wp\/v2\/categories?post=59"},{"taxonomy":"post_tag","embeddable":true,"href":"https:\/\/thestyleofblog.com\/wp\/wp-json\/wp\/v2\/tags?post=59"}],"curies":[{"name":"wp","href":"https:\/\/api.w.org\/{rel}","templated":true}]}}